{"id":12861,"date":"2022-07-18T09:11:05","date_gmt":"2022-07-18T09:11:05","guid":{"rendered":"https:\/\/estheroyal.com\/turkiye-neden-saglik-turizmi-icin-ideal-bir-konumdur\/"},"modified":"2023-02-22T13:22:20","modified_gmt":"2023-02-22T13:22:20","slug":"turkiye-neden-saglik-turizmi-icin-ideal-bir-konumdur","status":"publish","type":"post","link":"https:\/\/estheroyal.com\/tr\/turkiye-neden-saglik-turizmi-icin-ideal-bir-konumdur\/","title":{"rendered":"T\u00fcrkiye Neden Sa\u011fl\u0131k Turizmi \u0130\u00e7in \u0130deal Bir Konumdur?"},"content":{"rendered":"\t\t<div data-elementor-type=\"wp-post\" data-elementor-id=\"12861\" class=\"elementor elementor-12861 elementor-3168\" data-elementor-post-type=\"post\">\n\t\t\t\t\t\t<section class=\"elementor-section elementor-top-section elementor-element elementor-element-e225c12 elementor-section-boxed elementor-section-height-default elementor-section-height-default qodef-elementor-content-no\" data-id=\"e225c12\" data-element_type=\"section\" data-e-type=\"section\">\n\t\t\t\t\t\t<div class=\"elementor-container elementor-column-gap-default\">\n\t\t\t\t\t<div class=\"elementor-column elementor-col-100 elementor-top-column elementor-element elementor-element-cf0fc93\" data-id=\"cf0fc93\" data-element_type=\"column\" data-e-type=\"column\">\n\t\t\t<div class=\"elementor-widget-wrap elementor-element-populated\">\n\t\t\t\t\t\t<div class=\"elementor-element elementor-element-28d3e60 elementor-widget elementor-widget-text-editor\" data-id=\"28d3e60\" data-element_type=\"widget\" data-e-type=\"widget\" data-widget_type=\"text-editor.default\">\n\t\t\t\t<div class=\"elementor-widget-container\">\n\t\t\t\t\t\t\t\t\t<p>Sa\u011fl\u0131k turizmi, ki\u015finin ya\u015fad\u0131\u011f\u0131 yerden ba\u015fka bir yere sa\u011fl\u0131\u011f\u0131n\u0131 korumak, geli\u015ftirmek ve hastal\u0131klar\u0131 tedavi etmek amac\u0131yla seyahat etmesi ve gitti\u011fi yerde en az 24 saat kalmas\u0131, sa\u011fl\u0131k ve turizm olanaklar\u0131ndan yararlanmas\u0131 olarak tan\u0131mlanabilir. D\u00fcnya n\u00fcfusunun \u00e7o\u011falmas\u0131, ya\u015fam kalitesinin artmas\u0131 ve \u00e7e\u015fitli \u00fclkelerde sa\u011fl\u0131k maliyetlerinin y\u00fckselmesi sa\u011fl\u0131k turizmini yayg\u0131nla\u015ft\u0131rm\u0131\u015ft\u0131r. Ayr\u0131ca hastalar\u0131n tedavilerini daha ekonomik ve kaliteli i\u015flerin oldu\u011fu \u00fclkelerde yapt\u0131rma iste\u011fi sa\u011fl\u0131k turizmi sekt\u00f6r\u00fcn\u00fcn olu\u015fmas\u0131na neden olmu\u015ftur. T\u00fcrkiye ayr\u0131ca sundu\u011fu kaliteli ve ekonomik sa\u011fl\u0131k hizmetleri ile \u00e7evre \u00fclkeler ba\u015fta olmak \u00fczere d\u00fcnyan\u0131n her yerinden sa\u011fl\u0131k turistlerini kendine \u00e7ekmektedir.<\/p>\n\t\t\t\t\t\t\t\t<\/div>\n\t\t\t\t<\/div>\n\t\t\t\t\t<\/div>\n\t\t<\/div>\n\t\t\t\t\t<\/div>\n\t\t<\/section>\n\t\t\t\t<section class=\"elementor-section elementor-top-section elementor-element elementor-element-b1534f1 elementor-section-boxed elementor-section-height-default elementor-section-height-default qodef-elementor-content-no\" data-id=\"b1534f1\" data-element_type=\"section\" data-e-type=\"section\">\n\t\t\t\t\t\t<div class=\"elementor-container elementor-column-gap-default\">\n\t\t\t\t\t<div class=\"elementor-column elementor-col-100 elementor-top-column elementor-element elementor-element-8cc25f6\" data-id=\"8cc25f6\" data-element_type=\"column\" data-e-type=\"column\">\n\t\t\t<div class=\"elementor-widget-wrap elementor-element-populated\">\n\t\t\t\t\t\t<div class=\"elementor-element elementor-element-93d6235 elementor-widget elementor-widget-text-editor\" data-id=\"93d6235\" data-element_type=\"widget\" data-e-type=\"widget\" data-widget_type=\"text-editor.default\">\n\t\t\t\t<div class=\"elementor-widget-container\">\n\t\t\t\t\t\t\t\t\t<h3>\u00dc\u00e7 T\u00fcr Sa\u011fl\u0131k Turizmi<\/h3>\n<p>Sa\u011fl\u0131kl\u0131 bir ya\u015fam sunan her t\u00fcrl\u00fc turizm &#8216;sa\u011fl\u0131k turizmi&#8217; olarak kabul edilse de sa\u011fl\u0131k turizmi \u00fc\u00e7 ana ba\u015fl\u0131k alt\u0131nda de\u011ferlendirilmektedir.<\/p>\n<p>&nbsp;<\/p>\n<ul>\n<li>Medikal Turizm (Hastanelerde tedavi, ameliyat vb.)<\/li>\n<li>Termal Turizm (Termal tesislerde rehabilitasyon, dinlenme vb. hizmetler)<\/li>\n<li>Ya\u015fl\u0131 ve Engelli Turizmi (Geriatri tedavi merkezi veya yaylalarda sosyal aktivitelerle uzun s\u00fcreli konaklamalar)<\/li>\n<\/ul>\n<p>&nbsp;<\/p>\n<p>T\u00fcrkiye bu \u00fc\u00e7 tipte de \u00f6nde gelen \u00fclkeler aras\u0131nda yer almaktad\u0131r.<\/p>\n\t\t\t\t\t\t\t\t<\/div>\n\t\t\t\t<\/div>\n\t\t\t\t\t<\/div>\n\t\t<\/div>\n\t\t\t\t\t<\/div>\n\t\t<\/section>\n\t\t\t\t<section class=\"elementor-section elementor-top-section elementor-element elementor-element-1dddeb0 elementor-section-boxed elementor-section-height-default elementor-section-height-default qodef-elementor-content-no\" data-id=\"1dddeb0\" data-element_type=\"section\" data-e-type=\"section\">\n\t\t\t\t\t\t<div class=\"elementor-container elementor-column-gap-default\">\n\t\t\t\t\t<div class=\"elementor-column elementor-col-100 elementor-top-column elementor-element elementor-element-afd67f7\" data-id=\"afd67f7\" data-element_type=\"column\" data-e-type=\"column\">\n\t\t\t<div class=\"elementor-widget-wrap elementor-element-populated\">\n\t\t\t\t\t\t<div class=\"elementor-element elementor-element-bd1f4c1 elementor-widget elementor-widget-text-editor\" data-id=\"bd1f4c1\" data-element_type=\"widget\" data-e-type=\"widget\" data-widget_type=\"text-editor.default\">\n\t\t\t\t<div class=\"elementor-widget-container\">\n\t\t\t\t\t\t\t\t\t<h3>Sa\u011fl\u0131k Turizminin Temel Nedenleri<\/h3>\n<ul>\n<li>\u0130kamet edilen \u00fclkede ileri teknoloji sa\u011fl\u0131k hizmetleri ve profesyonel insan kaynaklar\u0131n\u0131n azl\u0131\u011f\u0131 veya yoklu\u011fu<\/li>\n<li>Tedavi iste\u011fiyle beraber tatile \u00e7\u0131kma iste\u011fi<\/li>\n<li>\u0130kamet etti\u011finiz \u00fclkede sa\u011fl\u0131k hizmetlerinin pahal\u0131l\u0131\u011f\u0131<\/li>\n<li>\u00c7ok daha kaliteli sa\u011fl\u0131k hizmeti alma iste\u011fi<\/li>\n<li>\u0130klim ve co\u011frafya a\u00e7\u0131s\u0131ndan tatil yapma imkan\u0131n\u0131n s\u0131n\u0131rl\u0131 oldu\u011fu \u00fclkede turizm faaliyeti<\/li>\n<li>Termal tesislerin ve termal turizm imkanlar\u0131n\u0131n \u00e7ok oldu\u011fu bir \u00fclkede tatil arzusu<\/li>\n<\/ul>\n<p>T\u00fcrkiye ise bu sebeplerle s\u0131ralanan t\u00fcm imkanlara sahip ve uzman doktorlar\u0131 kaliteli sa\u011fl\u0131k hizmeti veriyor.<\/p>\n\t\t\t\t\t\t\t\t<\/div>\n\t\t\t\t<\/div>\n\t\t\t\t<div class=\"elementor-element elementor-element-ea98612 elementor-widget elementor-widget-text-editor\" data-id=\"ea98612\" data-element_type=\"widget\" data-e-type=\"widget\" data-widget_type=\"text-editor.default\">\n\t\t\t\t<div class=\"elementor-widget-container\">\n\t\t\t\t\t\t\t\t\t<h3>T\u00fcrkiye&#8217;de Sa\u011fl\u0131k Turizmi<\/h3>\n<p>T\u00fcrkiye&#8217;de uluslararas\u0131 akreditasyona sahip \u00e7ok say\u0131da sa\u011fl\u0131k kurulu\u015fu bulunmaktad\u0131r. \u0130stanbul ve Ankara ba\u015fta olmak \u00fczere \u00f6zel, devlet ve \u00fcniversite hastaneleri d\u00fcnyadaki en y\u00fcksek teknoloji ile donat\u0131lm\u0131\u015ft\u0131r. Ayr\u0131ca son 10 y\u0131lda T\u00fcrkiye&#8217;de in\u015fa edilen \u00f6zel ve kamu hastaneleri teknolojik donan\u0131m\u0131 ve fiziki ko\u015fullar\u0131 ile Bat\u0131 \u00fclkelerindeki emsallerine benzemeyecek bir yap\u0131ya sahiptir.<\/p>\n<p>Ayr\u0131ca T\u00fcrkiye termal turizm kaynaklar\u0131 a\u00e7\u0131s\u0131ndan d\u00fcnyada yedinci, Avrupa&#8217;da birinci s\u0131rada yer almaktad\u0131r. Bu b\u00f6lgede donan\u0131ml\u0131 ve k\u00f6kl\u00fc termal oteller yap\u0131l\u0131yor.<\/p>\n\t\t\t\t\t\t\t\t<\/div>\n\t\t\t\t<\/div>\n\t\t\t\t<div class=\"elementor-element elementor-element-5fecbd2 elementor-widget elementor-widget-text-editor\" data-id=\"5fecbd2\" data-element_type=\"widget\" data-e-type=\"widget\" data-widget_type=\"text-editor.default\">\n\t\t\t\t<div class=\"elementor-widget-container\">\n\t\t\t\t\t\t\t\t\t<h3>T\u00fcrkiye i\u00e7in Yeni D\u00f6nem<\/h3>\n<p>T\u00fcrkiye&#8217;de sa\u011fl\u0131k sekt\u00f6r\u00fcnde son y\u0131llarda at\u0131l\u0131mlar yap\u0131l\u0131yor. Bir dizi reform sayesinde sa\u011fl\u0131k sisteminin kalitesi ve etkinli\u011fi art\u0131r\u0131lm\u0131\u015ft\u0131r. Kamu sa\u011fl\u0131k hizmetlerinin yan\u0131 s\u0131ra \u00f6zel sa\u011fl\u0131k hizmetleri de son y\u0131llarda h\u0131zla geli\u015fmeye ba\u015flam\u0131\u015ft\u0131r. T\u00fcrkiye, modern hastaneleri, yeti\u015fmi\u015f insan g\u00fcc\u00fc, uzman doktorlar\u0131, teknolojik altyap\u0131s\u0131 ve tecr\u00fcbesiyle Avrupa standartlar\u0131nda hizmet vermektedir.<\/p>\n<p>T\u00fcrkiye co\u011frafi konumu, sahip oldu\u011fu sa\u011fl\u0131k kurumlar\u0131, sekt\u00f6rdeki yeti\u015fmi\u015f ve e\u011fitimli insan g\u00fcc\u00fc, kapl\u0131calar\u0131 ve do\u011fal g\u00fczellikleri ile sa\u011fl\u0131k turizmi a\u00e7\u0131s\u0131ndan bir \u00e7ekim merkezi\u2026 T\u00fcrkiye, tarihi ve k\u00fclt\u00fcrel zenginli\u011fi ve d\u00fcnyadaki geli\u015fmi\u015flik d\u00fczeyi ile sa\u011fl\u0131k alan\u0131nda d\u00fcnyan\u0131n en pop\u00fcler 10 \u00fclkesinden biridir.<\/p>\n\t\t\t\t\t\t\t\t<\/div>\n\t\t\t\t<\/div>\n\t\t\t\t<div class=\"elementor-element elementor-element-8f2daf1 elementor-widget elementor-widget-text-editor\" data-id=\"8f2daf1\" data-element_type=\"widget\" data-e-type=\"widget\" data-widget_type=\"text-editor.default\">\n\t\t\t\t<div class=\"elementor-widget-container\">\n\t\t\t\t\t\t\t\t\t<h3>T\u00fcrkiye D\u00fcnyan\u0131n Yeni Sa\u011fl\u0131k Turizmi Orta\u011f\u0131<\/h3>\n<p>D\u00fcnya \u00fclkeleri art\u0131k T\u00fcrkiye&#8217;yi yeni sa\u011fl\u0131k orta\u011f\u0131 ve geli\u015fmekte olan medikal turizm merkezi olarak tan\u0131yor. T\u00fcrkiye, medikal ve termal turizm kaynaklar\u0131n\u0131, SPA ve wellness tesislerini be\u015f y\u0131ld\u0131zl\u0131 otellerle birle\u015ftirerek sa\u011fl\u0131k turistlerine kaliteli ve ucuz turizm paketleri sunmaktad\u0131r. E\u015fsiz ve stratejik co\u011frafi konumu ile T\u00fcrkiye; Avrupa, Asya ve Orta Asya ile s\u0131n\u0131r kom\u015fusu olan iki k\u0131tan\u0131n kav\u015fa\u011f\u0131 konumundad\u0131r. B\u00f6ylece bir\u00e7ok \u00fclkeden u\u00e7akla kolay ve h\u0131zl\u0131 bir \u015fekilde ula\u015f\u0131m sa\u011flanmaktad\u0131r.<\/p>\n\t\t\t\t\t\t\t\t<\/div>\n\t\t\t\t<\/div>\n\t\t\t\t<div class=\"elementor-element elementor-element-5836f4d elementor-widget elementor-widget-text-editor\" data-id=\"5836f4d\" data-element_type=\"widget\" data-e-type=\"widget\" data-widget_type=\"text-editor.default\">\n\t\t\t\t<div class=\"elementor-widget-container\">\n\t\t\t\t\t\t\t\t\t<h3>T\u00fcrkiye Her T\u00fcrl\u00fc Sa\u011fl\u0131k Turistine Hizmet Verebilir<\/h3>\n<p>\u0130klim, fiyat, g\u00fcvenlik ve ula\u015f\u0131m a\u00e7\u0131s\u0131ndan g\u00f6receli avantajlara sahip olan T\u00fcrkiye; medikal turizm, SPA &amp; wellness ve spa turizmi, ileri ya\u015f ve spor turizmi a\u00e7\u0131s\u0131ndan son derece avantajl\u0131 bir konumdad\u0131r. Yani her kesime hitap edebilecek niteliklere sahiptir. Ayr\u0131ca co\u011frafi yak\u0131nl\u0131klar\u0131 kendi \u00fclkelerinde bulunmayan do\u011fal-iklimsel ko\u015fullar\u0131 ile de dikkat \u00e7ekmektedir.<\/p>\n\t\t\t\t\t\t\t\t<\/div>\n\t\t\t\t<\/div>\n\t\t\t\t\t<\/div>\n\t\t<\/div>\n\t\t\t\t\t<\/div>\n\t\t<\/section>\n\t\t\t\t<\/div>\n\t\t","protected":false},"excerpt":{"rendered":"<p>Sa\u011fl\u0131k turizmi, ki\u015finin ya\u015fad\u0131\u011f\u0131 yerden ba\u015fka bir yere sa\u011fl\u0131\u011f\u0131n\u0131 korumak, geli\u015ftirmek ve hastal\u0131klar\u0131 tedavi etmek amac\u0131yla seyahat etmesi ve gitti\u011fi yerde en az 24 saat kalmas\u0131, sa\u011fl\u0131k ve turizm olanaklar\u0131ndan yararlanmas\u0131 olarak tan\u0131mlanabilir. D\u00fcnya n\u00fcfusunun \u00e7o\u011falmas\u0131, ya\u015fam kalitesinin artmas\u0131 ve \u00e7e\u015fitli \u00fclkelerde sa\u011fl\u0131k maliyetlerinin y\u00fckselmesi sa\u011fl\u0131k turizmini yayg\u0131nla\u015ft\u0131rm\u0131\u015ft\u0131r. Ayr\u0131ca hastalar\u0131n tedavilerini daha ekonomik ve kaliteli [&hellip;]<\/p>\n","protected":false},"author":1,"featured_media":11421,"comment_status":"open","ping_status":"open","sticky":false,"template":"","format":"standard","meta":{"footnotes":""},"categories":[138],"tags":[],"class_list":["post-12861","post","type-post","status-publish","format-standard","has-post-thumbnail","hentry","category-saglik-turizmi"],"_links":{"self":[{"href":"https:\/\/estheroyal.com\/tr\/wp-json\/wp\/v2\/posts\/12861","targetHints":{"allow":["GET"]}}],"collection":[{"href":"https:\/\/estheroyal.com\/tr\/wp-json\/wp\/v2\/posts"}],"about":[{"href":"https:\/\/estheroyal.com\/tr\/wp-json\/wp\/v2\/types\/post"}],"author":[{"embeddable":true,"href":"https:\/\/estheroyal.com\/tr\/wp-json\/wp\/v2\/users\/1"}],"replies":[{"embeddable":true,"href":"https:\/\/estheroyal.com\/tr\/wp-json\/wp\/v2\/comments?post=12861"}],"version-history":[{"count":0,"href":"https:\/\/estheroyal.com\/tr\/wp-json\/wp\/v2\/posts\/12861\/revisions"}],"wp:featuredmedia":[{"embeddable":true,"href":"https:\/\/estheroyal.com\/tr\/wp-json\/wp\/v2\/media\/11421"}],"wp:attachment":[{"href":"https:\/\/estheroyal.com\/tr\/wp-json\/wp\/v2\/media?parent=12861"}],"wp:term":[{"taxonomy":"category","embeddable":true,"href":"https:\/\/estheroyal.com\/tr\/wp-json\/wp\/v2\/categories?post=12861"},{"taxonomy":"post_tag","embeddable":true,"href":"https:\/\/estheroyal.com\/tr\/wp-json\/wp\/v2\/tags?post=12861"}],"curies":[{"name":"wp","href":"https:\/\/api.w.org\/{rel}","templated":true}]}}